{"id":1767,"date":"2024-01-12T09:40:36","date_gmt":"2024-01-12T08:40:36","guid":{"rendered":"https:\/\/ecolyte.at\/?p=1767"},"modified":"2024-06-27T16:36:27","modified_gmt":"2024-06-27T14:36:27","slug":"was-vanillekipferln-und-nachhaltige-batterien-gemeinsam-haben","status":"publish","type":"post","link":"https:\/\/ecolyte.at\/?p=1767","title":{"rendered":"Podcast vom 12.01.2024 auf der Standard: Was Vanillekipferln und nachhaltige Batterien gemeinsam haben"},"content":{"rendered":"\n<p>Jetzt anh\u00f6ren: Stefan Spirk arbeitet an einem nachhaltigen Energiespeicher, der statt Schwermetallen den Aromastoff Vanillin einsetzt<\/p>\n\n\n\n<p>Damit Strom aus erneuerbaren Energiequellen wie Wind und Sonne rund um die Uhr bezogen werden kann, werden verl\u00e4ssliche Energiespeicher ben\u00f6tigt. Das liegt schlicht daran, dass Wind und Sonne beispielsweise nicht jederzeit zur Verf\u00fcgung stehen. In diesen Speicherbatterien sind allerdings h\u00e4ufig \u00f6kologisch bedenkliche Schwermetalle oder Seltene Erden verarbeitet \u2013 und genau daf\u00fcr will Stefan Spirk eine L\u00f6sung gefunden haben. Er forscht an der TU Graz und arbeitet derzeit an einer Batterie, die verspricht, nachhaltig zu sein. Anstatt Schwermetallen verwendet Spirk Vanillin und damit herk\u00f6mmliches Vanillearoma, das jeder und jede von uns im Supermarkt kaufen kann. Wie das funktioniert, inwiefern die Speicher tats\u00e4chlich das Potenzial haben, sich positiv auf den Klimawandel auszuwirken, und ob die Batterien nach Vanillekipferln duften, dar\u00fcber sprechen wir in dieser Folge von &#8220;Edition Zukunft Klimafragen&#8221;. (Julia Beirer, 12.1.2024)<\/p>\n\n\n\n<p><\/p>\n\n\n\n<p>Link to Article: <br><a href=\"https:\/\/www.derstandard.at\/story\/3000000200812\/was-vanillekipferln-und-nachhaltige-batterien-gemeinsam-haben\">https:\/\/www.derstandard.at\/story\/3000000200812\/was-vanillekipferln-und-nachhaltige-batterien-gemeinsam-haben<\/a><\/p>\n","protected":false},"excerpt":{"rendered":"<p>Podcast vom 12.01.2024 auf derStandard<\/p>\n<p>Jetzt anh\u00f6ren: Stefan Spirk arbeitet an einem nachhaltigen Energiespeicher, der statt Schwermetallen den Aromastoff Vanillin einsetzt<\/p>\n","protected":false},"author":3,"featured_media":1710,"comment_status":"closed","ping_status":"open","sticky":false,"template":"","format":"standard","meta":{"footnotes":""},"categories":[1],"tags":[],"class_list":["post-1767","post","type-post","status-publish","format-standard","has-post-thumbnail","hentry","category-allgemein"],"_links":{"self":[{"href":"https:\/\/ecolyte.at\/index.php?rest_route=\/wp\/v2\/posts\/1767","targetHints":{"allow":["GET"]}}],"collection":[{"href":"https:\/\/ecolyte.at\/index.php?rest_route=\/wp\/v2\/posts"}],"about":[{"href":"https:\/\/ecolyte.at\/index.php?rest_route=\/wp\/v2\/types\/post"}],"author":[{"embeddable":true,"href":"https:\/\/ecolyte.at\/index.php?rest_route=\/wp\/v2\/users\/3"}],"replies":[{"embeddable":true,"href":"https:\/\/ecolyte.at\/index.php?rest_route=%2Fwp%2Fv2%2Fcomments&post=1767"}],"version-history":[{"count":3,"href":"https:\/\/ecolyte.at\/index.php?rest_route=\/wp\/v2\/posts\/1767\/revisions"}],"predecessor-version":[{"id":1877,"href":"https:\/\/ecolyte.at\/index.php?rest_route=\/wp\/v2\/posts\/1767\/revisions\/1877"}],"wp:featuredmedia":[{"embeddable":true,"href":"https:\/\/ecolyte.at\/index.php?rest_route=\/wp\/v2\/media\/1710"}],"wp:attachment":[{"href":"https:\/\/ecolyte.at\/index.php?rest_route=%2Fwp%2Fv2%2Fmedia&parent=1767"}],"wp:term":[{"taxonomy":"category","embeddable":true,"href":"https:\/\/ecolyte.at\/index.php?rest_route=%2Fwp%2Fv2%2Fcategories&post=1767"},{"taxonomy":"post_tag","embeddable":true,"href":"https:\/\/ecolyte.at\/index.php?rest_route=%2Fwp%2Fv2%2Ftags&post=1767"}],"curies":[{"name":"wp","href":"https:\/\/api.w.org\/{rel}","templated":true}]}}